{"id":1222,"date":"2021-03-16T12:49:36","date_gmt":"2021-03-16T17:49:36","guid":{"rendered":"https:\/\/www.fondoadaptacion.gov.co\/gramaloteunarealidad\/?p=1222"},"modified":"2023-07-04T13:37:26","modified_gmt":"2023-07-04T18:37:26","slug":"16-de-marzo-de-2021","status":"publish","type":"post","link":"https:\/\/www.fondoadaptacion.gov.co\/gramaloteunarealidad\/2021\/03\/16\/16-de-marzo-de-2021\/","title":{"rendered":"16  de Marzo de 2021"},"content":{"rendered":"\t\t<div data-elementor-type=\"wp-post\" data-elementor-id=\"1222\" class=\"elementor elementor-1222\">\n\t\t\t\t\t\t\t\t\t<section class=\"elementor-section elementor-top-section elementor-element elementor-element-569d420b elementor-section-boxed elementor-section-height-default elementor-section-height-default\" data-id=\"569d420b\" data-element_type=\"section\" data-settings=\"{&quot;background_background&quot;:&quot;classic&quot;}\">\n\t\t\t\t\t\t\t<div class=\"elementor-background-overlay\"><\/div>\n\t\t\t\t\t\t\t<div class=\"elementor-container elementor-column-gap-default\">\n\t\t\t\t\t<div class=\"elementor-column elementor-col-100 elementor-top-column elementor-element elementor-element-4eaa3ab3\" data-id=\"4eaa3ab3\" data-element_type=\"column\">\n\t\t\t<div class=\"elementor-widget-wrap elementor-element-populated\">\n\t\t\t\t\t\t\t\t<div class=\"elementor-element elementor-element-46a77e26 elementor-widget elementor-widget-heading\" data-id=\"46a77e26\" data-element_type=\"widget\" data-widget_type=\"heading.default\">\n\t\t\t\t<div class=\"elementor-widget-container\">\n\t\t\t<style>\/*! elementor - v3.13.2 - 11-05-2023 *\/\n.elementor-heading-title{padding:0;margin:0;line-height:1}.elementor-widget-heading .elementor-heading-title[class*=elementor-size-]>a{color:inherit;font-size:inherit;line-height:inherit}.elementor-widget-heading .elementor-heading-title.elementor-size-small{font-size:15px}.elementor-widget-heading .elementor-heading-title.elementor-size-medium{font-size:19px}.elementor-widget-heading .elementor-heading-title.elementor-size-large{font-size:29px}.elementor-widget-heading .elementor-heading-title.elementor-size-xl{font-size:39px}.elementor-widget-heading .elementor-heading-title.elementor-size-xxl{font-size:59px}<\/style><h2 class=\"elementor-heading-title elementor-size-default\">Regresamos a Gramalote<\/h2>\t\t<\/div>\n\t\t\t\t<\/div>\n\t\t\t\t\t<\/div>\n\t\t<\/div>\n\t\t\t\t\t\t\t<\/div>\n\t\t<\/section>\n\t\t\t\t<section class=\"elementor-section elementor-top-section elementor-element elementor-element-8dcdfe2 elementor-section-boxed elementor-section-height-default elementor-section-height-default\" data-id=\"8dcdfe2\" data-element_type=\"section\">\n\t\t\t\t\t\t<div class=\"elementor-container elementor-column-gap-default\">\n\t\t\t\t\t<div class=\"elementor-column elementor-col-100 elementor-top-column elementor-element elementor-element-2511f7f\" data-id=\"2511f7f\" data-element_type=\"column\">\n\t\t\t<div class=\"elementor-widget-wrap elementor-element-populated\">\n\t\t\t\t\t\t\t\t<div class=\"elementor-element elementor-element-24f2cab1 elementor-widget elementor-widget-heading\" data-id=\"24f2cab1\" data-element_type=\"widget\" data-widget_type=\"heading.default\">\n\t\t\t\t<div class=\"elementor-widget-container\">\n\t\t\t<h3 class=\"elementor-heading-title elementor-size-default\">Comunicadores Populares<\/h3>\t\t<\/div>\n\t\t\t\t<\/div>\n\t\t\t\t<div class=\"elementor-element elementor-element-2d277f8d elementor-widget elementor-widget-text-editor\" data-id=\"2d277f8d\" data-element_type=\"widget\" data-widget_type=\"text-editor.default\">\n\t\t\t\t<div class=\"elementor-widget-container\">\n\t\t\t<style>\/*! elementor - v3.13.2 - 11-05-2023 *\/\n.elementor-widget-text-editor.elementor-drop-cap-view-stacked .elementor-drop-cap{background-color:#69727d;color:#fff}.elementor-widget-text-editor.elementor-drop-cap-view-framed .elementor-drop-cap{color:#69727d;border:3px solid;background-color:transparent}.elementor-widget-text-editor:not(.elementor-drop-cap-view-default) .elementor-drop-cap{margin-top:8px}.elementor-widget-text-editor:not(.elementor-drop-cap-view-default) .elementor-drop-cap-letter{width:1em;height:1em}.elementor-widget-text-editor .elementor-drop-cap{float:left;text-align:center;line-height:1;font-size:50px}.elementor-widget-text-editor .elementor-drop-cap-letter{display:inline-block}<\/style>\t\t\t\t<p><span style=\"font-weight: 400;\">Emerson Da Silva y Sibia Guerrero Garc\u00eda quienes hacen parte del grupo de Comunicadores populares de Gramalote, invitan a los adolescentes a inscribirse en el curso de formaci\u00f3n de comunicaci\u00f3n. Para inscripci\u00f3n tienen plazo hasta el pr\u00f3ximo viernes 19 de marzo, para hacer la postulaci\u00f3n a trav\u00e9s de un video de presentaci\u00f3n.<\/span><\/p>\t\t\t\t\t\t<\/div>\n\t\t\t\t<\/div>\n\t\t\t\t\t<\/div>\n\t\t<\/div>\n\t\t\t\t\t\t\t<\/div>\n\t\t<\/section>\n\t\t\t\t<section class=\"elementor-section elementor-top-section elementor-element elementor-element-5aadf226 elementor-section-boxed elementor-section-height-default elementor-section-height-default\" data-id=\"5aadf226\" data-element_type=\"section\">\n\t\t\t\t\t\t<div class=\"elementor-container elementor-column-gap-default\">\n\t\t\t\t\t<div class=\"elementor-column elementor-col-100 elementor-top-column elementor-element elementor-element-3037a5d0\" data-id=\"3037a5d0\" data-element_type=\"column\">\n\t\t\t<div class=\"elementor-widget-wrap elementor-element-populated\">\n\t\t\t\t\t\t\t\t<div class=\"elementor-element elementor-element-7b0187d elementor-widget elementor-widget-video\" data-id=\"7b0187d\" data-element_type=\"widget\" data-settings=\"{&quot;youtube_url&quot;:&quot;https:\\\/\\\/youtu.be\\\/Oj1JsZtyQtc&quot;,&quot;video_type&quot;:&quot;youtube&quot;,&quot;controls&quot;:&quot;yes&quot;}\" data-widget_type=\"video.default\">\n\t\t\t\t<div class=\"elementor-widget-container\">\n\t\t\t<style>\/*! elementor - v3.13.2 - 11-05-2023 *\/\n.elementor-widget-video .elementor-widget-container{overflow:hidden;transform:translateZ(0)}.elementor-widget-video .elementor-wrapper{aspect-ratio:var(--video-aspect-ratio)}.elementor-widget-video .elementor-wrapper iframe,.elementor-widget-video .elementor-wrapper video{height:100%;width:100%;display:flex;border:none;background-color:#000}@supports not (aspect-ratio:1\/1){.elementor-widget-video .elementor-wrapper{position:relative;overflow:hidden;height:0;padding-bottom:calc(100% \/ var(--video-aspect-ratio))}.elementor-widget-video .elementor-wrapper iframe,.elementor-widget-video .elementor-wrapper video{position:absolute;top:0;right:0;bottom:0;left:0}}.elementor-widget-video .elementor-open-inline .elementor-custom-embed-image-overlay{position:absolute;top:0;left:0;width:100%;height:100%;background-size:cover;background-position:50%}.elementor-widget-video .elementor-custom-embed-image-overlay{cursor:pointer;text-align:center}.elementor-widget-video .elementor-custom-embed-image-overlay:hover .elementor-custom-embed-play i{opacity:1}.elementor-widget-video .elementor-custom-embed-image-overlay img{display:block;width:100%}.elementor-widget-video .e-hosted-video .elementor-video{-o-object-fit:cover;object-fit:cover}.e-con-inner>.elementor-widget-video,.e-con>.elementor-widget-video{width:var(--container-widget-width);--flex-grow:var(--container-widget-flex-grow)}<\/style>\t\t<div class=\"elementor-wrapper elementor-open-inline\">\n\t\t\t<div class=\"elementor-video\"><\/div>\t\t<\/div>\n\t\t\t\t<\/div>\n\t\t\t\t<\/div>\n\t\t\t\t\t<\/div>\n\t\t<\/div>\n\t\t\t\t\t\t\t<\/div>\n\t\t<\/section>\n\t\t\t\t\t\t\t<\/div>\n\t\t","protected":false},"excerpt":{"rendered":"<p>Regresamos a Gramalote Comunicadores Populares Emerson Da Silva y Sibia Guerrero Garc\u00eda quienes hacen parte del grupo de Comunicadores populares de Gramalote, invitan a los adolescentes a inscribirse en el curso de formaci\u00f3n de comunicaci\u00f3n. Para inscripci\u00f3n tienen plazo hasta el pr\u00f3ximo viernes 19 de marzo, para hacer la postulaci\u00f3n a trav\u00e9s de un video [&hellip;]<\/p>\n","protected":false},"author":1,"featured_media":4146,"comment_status":"closed","ping_status":"closed","sticky":false,"template":"","format":"standard","meta":{"footnotes":""},"categories":[7,20],"tags":[],"class_list":["post-1222","post","type-post","status-publish","format-standard","has-post-thumbnail","hentry","category-7","category-reconstruccion-del-tejido-social-para-una-comunidad-resiliente"],"_links":{"self":[{"href":"https:\/\/www.fondoadaptacion.gov.co\/gramaloteunarealidad\/wp-json\/wp\/v2\/posts\/1222","targetHints":{"allow":["GET"]}}],"collection":[{"href":"https:\/\/www.fondoadaptacion.gov.co\/gramaloteunarealidad\/wp-json\/wp\/v2\/posts"}],"about":[{"href":"https:\/\/www.fondoadaptacion.gov.co\/gramaloteunarealidad\/wp-json\/wp\/v2\/types\/post"}],"author":[{"embeddable":true,"href":"https:\/\/www.fondoadaptacion.gov.co\/gramaloteunarealidad\/wp-json\/wp\/v2\/users\/1"}],"replies":[{"embeddable":true,"href":"https:\/\/www.fondoadaptacion.gov.co\/gramaloteunarealidad\/wp-json\/wp\/v2\/comments?post=1222"}],"version-history":[{"count":15,"href":"https:\/\/www.fondoadaptacion.gov.co\/gramaloteunarealidad\/wp-json\/wp\/v2\/posts\/1222\/revisions"}],"predecessor-version":[{"id":4720,"href":"https:\/\/www.fondoadaptacion.gov.co\/gramaloteunarealidad\/wp-json\/wp\/v2\/posts\/1222\/revisions\/4720"}],"wp:featuredmedia":[{"embeddable":true,"href":"https:\/\/www.fondoadaptacion.gov.co\/gramaloteunarealidad\/wp-json\/wp\/v2\/media\/4146"}],"wp:attachment":[{"href":"https:\/\/www.fondoadaptacion.gov.co\/gramaloteunarealidad\/wp-json\/wp\/v2\/media?parent=1222"}],"wp:term":[{"taxonomy":"category","embeddable":true,"href":"https:\/\/www.fondoadaptacion.gov.co\/gramaloteunarealidad\/wp-json\/wp\/v2\/categories?post=1222"},{"taxonomy":"post_tag","embeddable":true,"href":"https:\/\/www.fondoadaptacion.gov.co\/gramaloteunarealidad\/wp-json\/wp\/v2\/tags?post=1222"}],"curies":[{"name":"wp","href":"https:\/\/api.w.org\/{rel}","templated":true}]}}