{"id":1458,"date":"2021-04-12T13:21:39","date_gmt":"2021-04-12T18:21:39","guid":{"rendered":"https:\/\/www.fondoadaptacion.gov.co\/gramaloteunarealidad\/?p=1458"},"modified":"2023-07-04T13:40:55","modified_gmt":"2023-07-04T18:40:55","slug":"12-de-abril-de-2021","status":"publish","type":"post","link":"https:\/\/www.fondoadaptacion.gov.co\/gramaloteunarealidad\/2021\/04\/12\/12-de-abril-de-2021\/","title":{"rendered":"12 de Abril de 2021"},"content":{"rendered":"\t\t<div data-elementor-type=\"wp-post\" data-elementor-id=\"1458\" class=\"elementor elementor-1458\">\n\t\t\t\t\t\t\t\t\t<section class=\"elementor-section elementor-top-section elementor-element elementor-element-214059ce elementor-section-boxed elementor-section-height-default elementor-section-height-default\" data-id=\"214059ce\" data-element_type=\"section\" data-settings=\"{&quot;background_background&quot;:&quot;classic&quot;}\">\n\t\t\t\t\t\t\t<div class=\"elementor-background-overlay\"><\/div>\n\t\t\t\t\t\t\t<div class=\"elementor-container elementor-column-gap-default\">\n\t\t\t\t\t<div class=\"elementor-column elementor-col-100 elementor-top-column elementor-element elementor-element-774b2121\" data-id=\"774b2121\" data-element_type=\"column\">\n\t\t\t<div class=\"elementor-widget-wrap elementor-element-populated\">\n\t\t\t\t\t\t\t\t<div class=\"elementor-element elementor-element-7289b19a elementor-widget elementor-widget-heading\" data-id=\"7289b19a\" data-element_type=\"widget\" data-widget_type=\"heading.default\">\n\t\t\t\t<div class=\"elementor-widget-container\">\n\t\t\t<style>\/*! elementor - v3.13.2 - 11-05-2023 *\/\n.elementor-heading-title{padding:0;margin:0;line-height:1}.elementor-widget-heading .elementor-heading-title[class*=elementor-size-]>a{color:inherit;font-size:inherit;line-height:inherit}.elementor-widget-heading .elementor-heading-title.elementor-size-small{font-size:15px}.elementor-widget-heading .elementor-heading-title.elementor-size-medium{font-size:19px}.elementor-widget-heading .elementor-heading-title.elementor-size-large{font-size:29px}.elementor-widget-heading .elementor-heading-title.elementor-size-xl{font-size:39px}.elementor-widget-heading .elementor-heading-title.elementor-size-xxl{font-size:59px}<\/style><h2 class=\"elementor-heading-title elementor-size-default\">Regresamos a Gramalote<\/h2>\t\t<\/div>\n\t\t\t\t<\/div>\n\t\t\t\t\t<\/div>\n\t\t<\/div>\n\t\t\t\t\t\t\t<\/div>\n\t\t<\/section>\n\t\t\t\t<section class=\"elementor-section elementor-top-section elementor-element elementor-element-162f2398 elementor-section-boxed elementor-section-height-default elementor-section-height-default\" data-id=\"162f2398\" data-element_type=\"section\">\n\t\t\t\t\t\t<div class=\"elementor-container elementor-column-gap-default\">\n\t\t\t\t\t<div class=\"elementor-column elementor-col-100 elementor-top-column elementor-element elementor-element-7d08beb0\" data-id=\"7d08beb0\" data-element_type=\"column\">\n\t\t\t<div class=\"elementor-widget-wrap elementor-element-populated\">\n\t\t\t\t\t\t\t\t<div class=\"elementor-element elementor-element-49bbc44c elementor-widget elementor-widget-heading\" data-id=\"49bbc44c\" data-element_type=\"widget\" data-widget_type=\"heading.default\">\n\t\t\t\t<div class=\"elementor-widget-container\">\n\t\t\t<h3 class=\"elementor-heading-title elementor-size-default\">Construyendo Comunidad<\/h3>\t\t<\/div>\n\t\t\t\t<\/div>\n\t\t\t\t<div class=\"elementor-element elementor-element-5d9afaf9 elementor-widget elementor-widget-text-editor\" data-id=\"5d9afaf9\" data-element_type=\"widget\" data-widget_type=\"text-editor.default\">\n\t\t\t\t<div class=\"elementor-widget-container\">\n\t\t\t<style>\/*! elementor - v3.13.2 - 11-05-2023 *\/\n.elementor-widget-text-editor.elementor-drop-cap-view-stacked .elementor-drop-cap{background-color:#69727d;color:#fff}.elementor-widget-text-editor.elementor-drop-cap-view-framed .elementor-drop-cap{color:#69727d;border:3px solid;background-color:transparent}.elementor-widget-text-editor:not(.elementor-drop-cap-view-default) .elementor-drop-cap{margin-top:8px}.elementor-widget-text-editor:not(.elementor-drop-cap-view-default) .elementor-drop-cap-letter{width:1em;height:1em}.elementor-widget-text-editor .elementor-drop-cap{float:left;text-align:center;line-height:1;font-size:50px}.elementor-widget-text-editor .elementor-drop-cap-letter{display:inline-block}<\/style>\t\t\t\t<p><span style=\"font-weight: 400;\">Compartimos la galer\u00eda fotogr\u00e1fica de las actividades barriales que van reconstruyendo comunidad, ni\u00f1os ni\u00f1as y abuelos fueron creadores de historias, de artesan\u00edas, conocieron el territorio y se apropiaron de espacios \u00fanicos y propios del municipio m\u00e1s moderno de Colombia.<\/span><\/p>\t\t\t\t\t\t<\/div>\n\t\t\t\t<\/div>\n\t\t\t\t\t<\/div>\n\t\t<\/div>\n\t\t\t\t\t\t\t<\/div>\n\t\t<\/section>\n\t\t\t\t<section class=\"elementor-section elementor-top-section elementor-element elementor-element-1fcbc8ca elementor-section-boxed elementor-section-height-default elementor-section-height-default\" data-id=\"1fcbc8ca\" data-element_type=\"section\">\n\t\t\t\t\t\t<div class=\"elementor-container elementor-column-gap-default\">\n\t\t\t\t\t<div class=\"elementor-column elementor-col-100 elementor-top-column elementor-element elementor-element-3fe4dbbe\" data-id=\"3fe4dbbe\" data-element_type=\"column\">\n\t\t\t<div class=\"elementor-widget-wrap elementor-element-populated\">\n\t\t\t\t\t\t\t\t<div class=\"elementor-element elementor-element-cc79960 elementor-arrows-position-inside elementor-pagination-position-outside elementor-widget elementor-widget-image-carousel\" data-id=\"cc79960\" data-element_type=\"widget\" data-settings=\"{&quot;navigation&quot;:&quot;both&quot;,&quot;autoplay&quot;:&quot;yes&quot;,&quot;pause_on_hover&quot;:&quot;yes&quot;,&quot;pause_on_interaction&quot;:&quot;yes&quot;,&quot;autoplay_speed&quot;:5000,&quot;infinite&quot;:&quot;yes&quot;,&quot;speed&quot;:500}\" data-widget_type=\"image-carousel.default\">\n\t\t\t\t<div class=\"elementor-widget-container\">\n\t\t\t<style>\/*! elementor - v3.13.2 - 11-05-2023 *\/\n.elementor-widget-image-carousel .swiper,.elementor-widget-image-carousel .swiper-container{position:static}.elementor-widget-image-carousel .swiper-container .swiper-slide figure,.elementor-widget-image-carousel .swiper .swiper-slide figure{line-height:inherit}.elementor-widget-image-carousel .swiper-slide{text-align:center}.elementor-image-carousel-wrapper:not(.swiper-container-initialized):not(.swiper-initialized) .swiper-slide{max-width:calc(100% \/ var(--e-image-carousel-slides-to-show, 3))}<\/style>\t\t<div class=\"elementor-image-carousel-wrapper swiper\" dir=\"ltr\">\n\t\t\t<div class=\"elementor-image-carousel swiper-wrapper\">\n\t\t\t\t\t\t\t\t<div class=\"swiper-slide\"><figure class=\"swiper-slide-inner\"><img decoding=\"async\" class=\"swiper-slide-image\" src=\"https:\/\/www.fondoadaptacion.gov.co\/gramaloteunarealidad\/wp-content\/uploads\/2023\/05\/galeria-fotografica-de-las-actividades-barriales_Gramlote_1.png\" alt=\"galer\u00eda fotogr\u00e1fica de las actividades barriales_Gramlote_1\" \/><\/figure><\/div><div class=\"swiper-slide\"><figure class=\"swiper-slide-inner\"><img decoding=\"async\" class=\"swiper-slide-image\" src=\"https:\/\/www.fondoadaptacion.gov.co\/gramaloteunarealidad\/wp-content\/uploads\/2023\/05\/galeria-fotografica-de-las-actividades-barriales_10.png\" alt=\"galer\u00eda fotogr\u00e1fica de las actividades barriales_10\" \/><\/figure><\/div><div class=\"swiper-slide\"><figure class=\"swiper-slide-inner\"><img decoding=\"async\" class=\"swiper-slide-image\" src=\"https:\/\/www.fondoadaptacion.gov.co\/gramaloteunarealidad\/wp-content\/uploads\/2023\/05\/galeria-fotografica-de-las-actividades-barriales_9.png\" alt=\"galer\u00eda fotogr\u00e1fica de las actividades barriales_9\" \/><\/figure><\/div><div class=\"swiper-slide\"><figure class=\"swiper-slide-inner\"><img decoding=\"async\" class=\"swiper-slide-image\" src=\"https:\/\/www.fondoadaptacion.gov.co\/gramaloteunarealidad\/wp-content\/uploads\/2023\/05\/galeria-fotografica-de-las-actividades-barriales_8.png\" alt=\"galer\u00eda fotogr\u00e1fica de las actividades barriales_8\" \/><\/figure><\/div><div class=\"swiper-slide\"><figure class=\"swiper-slide-inner\"><img decoding=\"async\" class=\"swiper-slide-image\" src=\"https:\/\/www.fondoadaptacion.gov.co\/gramaloteunarealidad\/wp-content\/uploads\/2023\/05\/galeria-fotografica-de-las-actividades-barriales_7.png\" alt=\"galer\u00eda fotogr\u00e1fica de las actividades barriales_7\" \/><\/figure><\/div><div class=\"swiper-slide\"><figure class=\"swiper-slide-inner\"><img decoding=\"async\" class=\"swiper-slide-image\" src=\"https:\/\/www.fondoadaptacion.gov.co\/gramaloteunarealidad\/wp-content\/uploads\/2023\/05\/galeria-fotografica-de-las-actividades-barriales_6.png\" alt=\"galer\u00eda fotogr\u00e1fica de las actividades barriales_6\" \/><\/figure><\/div><div class=\"swiper-slide\"><figure class=\"swiper-slide-inner\"><img decoding=\"async\" class=\"swiper-slide-image\" src=\"https:\/\/www.fondoadaptacion.gov.co\/gramaloteunarealidad\/wp-content\/uploads\/2023\/05\/galeria-fotografica-de-las-actividades-barriales_5.png\" alt=\"galer\u00eda fotogr\u00e1fica de las actividades barriales_5\" \/><\/figure><\/div><div class=\"swiper-slide\"><figure class=\"swiper-slide-inner\"><img decoding=\"async\" class=\"swiper-slide-image\" src=\"https:\/\/www.fondoadaptacion.gov.co\/gramaloteunarealidad\/wp-content\/uploads\/2023\/05\/galeria-fotografica-de-las-actividades-barriales_4.png\" alt=\"galer\u00eda fotogr\u00e1fica de las actividades barriales_4\" \/><\/figure><\/div><div class=\"swiper-slide\"><figure class=\"swiper-slide-inner\"><img decoding=\"async\" class=\"swiper-slide-image\" src=\"https:\/\/www.fondoadaptacion.gov.co\/gramaloteunarealidad\/wp-content\/uploads\/2023\/05\/galeria-fotografica-de-las-actividades-barriales_3.png\" alt=\"galer\u00eda fotogr\u00e1fica de las actividades barriales_3\" \/><\/figure><\/div><div class=\"swiper-slide\"><figure class=\"swiper-slide-inner\"><img decoding=\"async\" class=\"swiper-slide-image\" src=\"https:\/\/www.fondoadaptacion.gov.co\/gramaloteunarealidad\/wp-content\/uploads\/2023\/05\/galeria-fotografica-de-las-actividades-barriales_2.png\" alt=\"galer\u00eda fotogr\u00e1fica de las actividades barriales_2\" \/><\/figure><\/div>\t\t\t<\/div>\n\t\t\t\t\t\t\t\t\t\t\t\t<div class=\"swiper-pagination\"><\/div>\n\t\t\t\t\t\t\t\t\t\t\t\t\t<div class=\"elementor-swiper-button elementor-swiper-button-prev\" role=\"button\" tabindex=\"0\">\n\t\t\t\t\t\t<i aria-hidden=\"true\" class=\"eicon-chevron-left\"><\/i>\t\t\t\t\t\t<span class=\"elementor-screen-only\">Previous image<\/span>\n\t\t\t\t\t<\/div>\n\t\t\t\t\t<div class=\"elementor-swiper-button elementor-swiper-button-next\" role=\"button\" tabindex=\"0\">\n\t\t\t\t\t\t<i aria-hidden=\"true\" class=\"eicon-chevron-right\"><\/i>\t\t\t\t\t\t<span class=\"elementor-screen-only\">Next image<\/span>\n\t\t\t\t\t<\/div>\n\t\t\t\t\t\t\t\t\t<\/div>\n\t\t\t\t<\/div>\n\t\t\t\t<\/div>\n\t\t\t\t\t<\/div>\n\t\t<\/div>\n\t\t\t\t\t\t\t<\/div>\n\t\t<\/section>\n\t\t\t\t\t\t\t<\/div>\n\t\t","protected":false},"excerpt":{"rendered":"<p>Regresamos a Gramalote Construyendo Comunidad Compartimos la galer\u00eda fotogr\u00e1fica de las actividades barriales que van reconstruyendo comunidad, ni\u00f1os ni\u00f1as y abuelos fueron creadores de historias, de artesan\u00edas, conocieron el territorio y se apropiaron de espacios \u00fanicos y propios del municipio m\u00e1s moderno de Colombia. Previous image Next image<\/p>\n","protected":false},"author":1,"featured_media":1463,"comment_status":"closed","ping_status":"closed","sticky":false,"template":"","format":"standard","meta":{"footnotes":""},"categories":[7,24],"tags":[],"class_list":["post-1458","post","type-post","status-publish","format-standard","has-post-thumbnail","hentry","category-7","category-mecanismos-de-comunicacion-efectiva-y-permanente"],"_links":{"self":[{"href":"https:\/\/www.fondoadaptacion.gov.co\/gramaloteunarealidad\/wp-json\/wp\/v2\/posts\/1458","targetHints":{"allow":["GET"]}}],"collection":[{"href":"https:\/\/www.fondoadaptacion.gov.co\/gramaloteunarealidad\/wp-json\/wp\/v2\/posts"}],"about":[{"href":"https:\/\/www.fondoadaptacion.gov.co\/gramaloteunarealidad\/wp-json\/wp\/v2\/types\/post"}],"author":[{"embeddable":true,"href":"https:\/\/www.fondoadaptacion.gov.co\/gramaloteunarealidad\/wp-json\/wp\/v2\/users\/1"}],"replies":[{"embeddable":true,"href":"https:\/\/www.fondoadaptacion.gov.co\/gramaloteunarealidad\/wp-json\/wp\/v2\/comments?post=1458"}],"version-history":[{"count":11,"href":"https:\/\/www.fondoadaptacion.gov.co\/gramaloteunarealidad\/wp-json\/wp\/v2\/posts\/1458\/revisions"}],"predecessor-version":[{"id":4747,"href":"https:\/\/www.fondoadaptacion.gov.co\/gramaloteunarealidad\/wp-json\/wp\/v2\/posts\/1458\/revisions\/4747"}],"wp:featuredmedia":[{"embeddable":true,"href":"https:\/\/www.fondoadaptacion.gov.co\/gramaloteunarealidad\/wp-json\/wp\/v2\/media\/1463"}],"wp:attachment":[{"href":"https:\/\/www.fondoadaptacion.gov.co\/gramaloteunarealidad\/wp-json\/wp\/v2\/media?parent=1458"}],"wp:term":[{"taxonomy":"category","embeddable":true,"href":"https:\/\/www.fondoadaptacion.gov.co\/gramaloteunarealidad\/wp-json\/wp\/v2\/categories?post=1458"},{"taxonomy":"post_tag","embeddable":true,"href":"https:\/\/www.fondoadaptacion.gov.co\/gramaloteunarealidad\/wp-json\/wp\/v2\/tags?post=1458"}],"curies":[{"name":"wp","href":"https:\/\/api.w.org\/{rel}","templated":true}]}}