{"id":2692,"date":"2022-03-24T12:59:05","date_gmt":"2022-03-24T17:59:05","guid":{"rendered":"https:\/\/www.fondoadaptacion.gov.co\/gramaloteunarealidad\/?p=2692"},"modified":"2023-07-04T14:24:27","modified_gmt":"2023-07-04T19:24:27","slug":"24-de-marzo-de-2022","status":"publish","type":"post","link":"https:\/\/www.fondoadaptacion.gov.co\/gramaloteunarealidad\/2022\/03\/24\/24-de-marzo-de-2022\/","title":{"rendered":"24 de Marzo de 2022"},"content":{"rendered":"\t\t<div data-elementor-type=\"wp-post\" data-elementor-id=\"2692\" class=\"elementor elementor-2692\">\n\t\t\t\t\t\t\t\t\t<section class=\"elementor-section elementor-top-section elementor-element elementor-element-5cd78ef elementor-section-boxed elementor-section-height-default elementor-section-height-default\" data-id=\"5cd78ef\" data-element_type=\"section\" data-settings=\"{&quot;background_background&quot;:&quot;classic&quot;}\">\n\t\t\t\t\t\t\t<div class=\"elementor-background-overlay\"><\/div>\n\t\t\t\t\t\t\t<div class=\"elementor-container elementor-column-gap-default\">\n\t\t\t\t\t<div class=\"elementor-column elementor-col-100 elementor-top-column elementor-element elementor-element-54471cd4\" data-id=\"54471cd4\" data-element_type=\"column\">\n\t\t\t<div class=\"elementor-widget-wrap elementor-element-populated\">\n\t\t\t\t\t\t\t\t<div class=\"elementor-element elementor-element-597a12fa elementor-widget elementor-widget-heading\" data-id=\"597a12fa\" data-element_type=\"widget\" data-widget_type=\"heading.default\">\n\t\t\t\t<div class=\"elementor-widget-container\">\n\t\t\t<style>\/*! elementor - v3.13.2 - 11-05-2023 *\/\n.elementor-heading-title{padding:0;margin:0;line-height:1}.elementor-widget-heading .elementor-heading-title[class*=elementor-size-]>a{color:inherit;font-size:inherit;line-height:inherit}.elementor-widget-heading .elementor-heading-title.elementor-size-small{font-size:15px}.elementor-widget-heading .elementor-heading-title.elementor-size-medium{font-size:19px}.elementor-widget-heading .elementor-heading-title.elementor-size-large{font-size:29px}.elementor-widget-heading .elementor-heading-title.elementor-size-xl{font-size:39px}.elementor-widget-heading .elementor-heading-title.elementor-size-xxl{font-size:59px}<\/style><h2 class=\"elementor-heading-title elementor-size-default\">Regresamos a Gramalote<\/h2>\t\t<\/div>\n\t\t\t\t<\/div>\n\t\t\t\t\t<\/div>\n\t\t<\/div>\n\t\t\t\t\t\t\t<\/div>\n\t\t<\/section>\n\t\t\t\t<section class=\"elementor-section elementor-top-section elementor-element elementor-element-7b64674f elementor-section-boxed elementor-section-height-default elementor-section-height-default\" data-id=\"7b64674f\" data-element_type=\"section\">\n\t\t\t\t\t\t<div class=\"elementor-container elementor-column-gap-default\">\n\t\t\t\t\t<div class=\"elementor-column elementor-col-100 elementor-top-column elementor-element elementor-element-56f3fd3a\" data-id=\"56f3fd3a\" data-element_type=\"column\">\n\t\t\t<div class=\"elementor-widget-wrap elementor-element-populated\">\n\t\t\t\t\t\t\t\t<div class=\"elementor-element elementor-element-66a2d75c elementor-widget elementor-widget-text-editor\" data-id=\"66a2d75c\" data-element_type=\"widget\" data-widget_type=\"text-editor.default\">\n\t\t\t\t<div class=\"elementor-widget-container\">\n\t\t\t<style>\/*! elementor - v3.13.2 - 11-05-2023 *\/\n.elementor-widget-text-editor.elementor-drop-cap-view-stacked .elementor-drop-cap{background-color:#69727d;color:#fff}.elementor-widget-text-editor.elementor-drop-cap-view-framed .elementor-drop-cap{color:#69727d;border:3px solid;background-color:transparent}.elementor-widget-text-editor:not(.elementor-drop-cap-view-default) .elementor-drop-cap{margin-top:8px}.elementor-widget-text-editor:not(.elementor-drop-cap-view-default) .elementor-drop-cap-letter{width:1em;height:1em}.elementor-widget-text-editor .elementor-drop-cap{float:left;text-align:center;line-height:1;font-size:50px}.elementor-widget-text-editor .elementor-drop-cap-letter{display:inline-block}<\/style>\t\t\t\t<p><span style=\"font-weight: 400;\">El Festival de Juventudes de Gramalote ha reunido a los j\u00f3venes gramaloteros, para seguir recordando las bonitas experiencias que han edificado a lo largo de estos 7 a\u00f1os a la construcci\u00f3n del tejido social de este bello municipio.<\/span><\/p>\t\t\t\t\t\t<\/div>\n\t\t\t\t<\/div>\n\t\t\t\t\t<\/div>\n\t\t<\/div>\n\t\t\t\t\t\t\t<\/div>\n\t\t<\/section>\n\t\t\t\t<section class=\"elementor-section elementor-top-section elementor-element elementor-element-ca71402 elementor-section-boxed elementor-section-height-default elementor-section-height-default\" data-id=\"ca71402\" data-element_type=\"section\">\n\t\t\t\t\t\t<div class=\"elementor-container elementor-column-gap-default\">\n\t\t\t\t\t<div class=\"elementor-column elementor-col-100 elementor-top-column elementor-element elementor-element-947dd45\" data-id=\"947dd45\" data-element_type=\"column\">\n\t\t\t<div class=\"elementor-widget-wrap elementor-element-populated\">\n\t\t\t\t\t\t\t\t<div class=\"elementor-element elementor-element-138073d elementor-arrows-position-inside elementor-pagination-position-outside elementor-widget elementor-widget-image-carousel\" data-id=\"138073d\" data-element_type=\"widget\" data-settings=\"{&quot;navigation&quot;:&quot;both&quot;,&quot;autoplay&quot;:&quot;yes&quot;,&quot;pause_on_hover&quot;:&quot;yes&quot;,&quot;pause_on_interaction&quot;:&quot;yes&quot;,&quot;autoplay_speed&quot;:5000,&quot;infinite&quot;:&quot;yes&quot;,&quot;speed&quot;:500}\" data-widget_type=\"image-carousel.default\">\n\t\t\t\t<div class=\"elementor-widget-container\">\n\t\t\t<style>\/*! elementor - v3.13.2 - 11-05-2023 *\/\n.elementor-widget-image-carousel .swiper,.elementor-widget-image-carousel .swiper-container{position:static}.elementor-widget-image-carousel .swiper-container .swiper-slide figure,.elementor-widget-image-carousel .swiper .swiper-slide figure{line-height:inherit}.elementor-widget-image-carousel .swiper-slide{text-align:center}.elementor-image-carousel-wrapper:not(.swiper-container-initialized):not(.swiper-initialized) .swiper-slide{max-width:calc(100% \/ var(--e-image-carousel-slides-to-show, 3))}<\/style>\t\t<div class=\"elementor-image-carousel-wrapper swiper\" dir=\"ltr\">\n\t\t\t<div class=\"elementor-image-carousel swiper-wrapper\">\n\t\t\t\t\t\t\t\t<div class=\"swiper-slide\"><figure class=\"swiper-slide-inner\"><img decoding=\"async\" class=\"swiper-slide-image\" src=\"https:\/\/www.fondoadaptacion.gov.co\/gramaloteunarealidad\/wp-content\/uploads\/2023\/05\/277175896_3110426132506160_3758171027643020507_n.jpg\" alt=\"277175896_3110426132506160_3758171027643020507_n\" \/><\/figure><\/div><div class=\"swiper-slide\"><figure class=\"swiper-slide-inner\"><img decoding=\"async\" class=\"swiper-slide-image\" src=\"https:\/\/www.fondoadaptacion.gov.co\/gramaloteunarealidad\/wp-content\/uploads\/2023\/05\/277173252_3110426105839496_6727003674757733447_n.jpg\" alt=\"277173252_3110426105839496_6727003674757733447_n\" \/><\/figure><\/div><div class=\"swiper-slide\"><figure class=\"swiper-slide-inner\"><img decoding=\"async\" class=\"swiper-slide-image\" src=\"https:\/\/www.fondoadaptacion.gov.co\/gramaloteunarealidad\/wp-content\/uploads\/2023\/05\/277103280_3110426149172825_4009262162089963560_n.jpg\" alt=\"277103280_3110426149172825_4009262162089963560_n\" \/><\/figure><\/div><div class=\"swiper-slide\"><figure class=\"swiper-slide-inner\"><img decoding=\"async\" class=\"swiper-slide-image\" src=\"https:\/\/www.fondoadaptacion.gov.co\/gramaloteunarealidad\/wp-content\/uploads\/2023\/05\/276262284_3110426099172830_1334851034993202425_n.jpg\" alt=\"276262284_3110426099172830_1334851034993202425_n\" \/><\/figure><\/div>\t\t\t<\/div>\n\t\t\t\t\t\t\t\t\t\t\t\t<div class=\"swiper-pagination\"><\/div>\n\t\t\t\t\t\t\t\t\t\t\t\t\t<div class=\"elementor-swiper-button elementor-swiper-button-prev\" role=\"button\" tabindex=\"0\">\n\t\t\t\t\t\t<i aria-hidden=\"true\" class=\"eicon-chevron-left\"><\/i>\t\t\t\t\t\t<span class=\"elementor-screen-only\">Previous image<\/span>\n\t\t\t\t\t<\/div>\n\t\t\t\t\t<div class=\"elementor-swiper-button elementor-swiper-button-next\" role=\"button\" tabindex=\"0\">\n\t\t\t\t\t\t<i aria-hidden=\"true\" class=\"eicon-chevron-right\"><\/i>\t\t\t\t\t\t<span class=\"elementor-screen-only\">Next image<\/span>\n\t\t\t\t\t<\/div>\n\t\t\t\t\t\t\t\t\t<\/div>\n\t\t\t\t<\/div>\n\t\t\t\t<\/div>\n\t\t\t\t\t<\/div>\n\t\t<\/div>\n\t\t\t\t\t\t\t<\/div>\n\t\t<\/section>\n\t\t\t\t\t\t\t<\/div>\n\t\t","protected":false},"excerpt":{"rendered":"<p>Regresamos a Gramalote El Festival de Juventudes de Gramalote ha reunido a los j\u00f3venes gramaloteros, para seguir recordando las bonitas experiencias que han edificado a lo largo de estos 7 a\u00f1os a la construcci\u00f3n del tejido social de este bello municipio. Previous image Next image<\/p>\n","protected":false},"author":1,"featured_media":2697,"comment_status":"closed","ping_status":"closed","sticky":false,"template":"","format":"standard","meta":{"footnotes":""},"categories":[10,20],"tags":[],"class_list":["post-2692","post","type-post","status-publish","format-standard","has-post-thumbnail","hentry","category-10","category-reconstruccion-del-tejido-social-para-una-comunidad-resiliente"],"_links":{"self":[{"href":"https:\/\/www.fondoadaptacion.gov.co\/gramaloteunarealidad\/wp-json\/wp\/v2\/posts\/2692","targetHints":{"allow":["GET"]}}],"collection":[{"href":"https:\/\/www.fondoadaptacion.gov.co\/gramaloteunarealidad\/wp-json\/wp\/v2\/posts"}],"about":[{"href":"https:\/\/www.fondoadaptacion.gov.co\/gramaloteunarealidad\/wp-json\/wp\/v2\/types\/post"}],"author":[{"embeddable":true,"href":"https:\/\/www.fondoadaptacion.gov.co\/gramaloteunarealidad\/wp-json\/wp\/v2\/users\/1"}],"replies":[{"embeddable":true,"href":"https:\/\/www.fondoadaptacion.gov.co\/gramaloteunarealidad\/wp-json\/wp\/v2\/comments?post=2692"}],"version-history":[{"count":11,"href":"https:\/\/www.fondoadaptacion.gov.co\/gramaloteunarealidad\/wp-json\/wp\/v2\/posts\/2692\/revisions"}],"predecessor-version":[{"id":4999,"href":"https:\/\/www.fondoadaptacion.gov.co\/gramaloteunarealidad\/wp-json\/wp\/v2\/posts\/2692\/revisions\/4999"}],"wp:featuredmedia":[{"embeddable":true,"href":"https:\/\/www.fondoadaptacion.gov.co\/gramaloteunarealidad\/wp-json\/wp\/v2\/media\/2697"}],"wp:attachment":[{"href":"https:\/\/www.fondoadaptacion.gov.co\/gramaloteunarealidad\/wp-json\/wp\/v2\/media?parent=2692"}],"wp:term":[{"taxonomy":"category","embeddable":true,"href":"https:\/\/www.fondoadaptacion.gov.co\/gramaloteunarealidad\/wp-json\/wp\/v2\/categories?post=2692"},{"taxonomy":"post_tag","embeddable":true,"href":"https:\/\/www.fondoadaptacion.gov.co\/gramaloteunarealidad\/wp-json\/wp\/v2\/tags?post=2692"}],"curies":[{"name":"wp","href":"https:\/\/api.w.org\/{rel}","templated":true}]}}