{"id":541,"date":"2023-04-28T14:52:38","date_gmt":"2023-04-28T19:52:38","guid":{"rendered":"https:\/\/www.fondoadaptacion.gov.co\/gramaloteunarealidad\/?p=541"},"modified":"2023-07-04T14:26:55","modified_gmt":"2023-07-04T19:26:55","slug":"historia-de-gramalote","status":"publish","type":"post","link":"https:\/\/www.fondoadaptacion.gov.co\/gramaloteunarealidad\/2023\/04\/28\/historia-de-gramalote\/","title":{"rendered":"Historia de Gramalote"},"content":{"rendered":"\t\t<div data-elementor-type=\"wp-post\" data-elementor-id=\"541\" class=\"elementor elementor-541\">\n\t\t\t\t\t\t\t\t\t<section class=\"elementor-section elementor-top-section elementor-element elementor-element-4179b3d0 elementor-section-boxed elementor-section-height-default elementor-section-height-default\" data-id=\"4179b3d0\" data-element_type=\"section\" data-settings=\"{&quot;background_background&quot;:&quot;classic&quot;}\">\n\t\t\t\t\t\t\t<div class=\"elementor-background-overlay\"><\/div>\n\t\t\t\t\t\t\t<div class=\"elementor-container elementor-column-gap-default\">\n\t\t\t\t\t<div class=\"elementor-column elementor-col-100 elementor-top-column elementor-element elementor-element-769515f6\" data-id=\"769515f6\" data-element_type=\"column\">\n\t\t\t<div class=\"elementor-widget-wrap elementor-element-populated\">\n\t\t\t\t\t\t\t\t<div class=\"elementor-element elementor-element-27acf8d5 elementor-widget elementor-widget-heading\" data-id=\"27acf8d5\" data-element_type=\"widget\" data-widget_type=\"heading.default\">\n\t\t\t\t<div class=\"elementor-widget-container\">\n\t\t\t<style>\/*! elementor - v3.13.2 - 11-05-2023 *\/\n.elementor-heading-title{padding:0;margin:0;line-height:1}.elementor-widget-heading .elementor-heading-title[class*=elementor-size-]>a{color:inherit;font-size:inherit;line-height:inherit}.elementor-widget-heading .elementor-heading-title.elementor-size-small{font-size:15px}.elementor-widget-heading .elementor-heading-title.elementor-size-medium{font-size:19px}.elementor-widget-heading .elementor-heading-title.elementor-size-large{font-size:29px}.elementor-widget-heading .elementor-heading-title.elementor-size-xl{font-size:39px}.elementor-widget-heading .elementor-heading-title.elementor-size-xxl{font-size:59px}<\/style><h2 class=\"elementor-heading-title elementor-size-default\">Historia de <br>Gramalote<\/h2>\t\t<\/div>\n\t\t\t\t<\/div>\n\t\t\t\t<div class=\"elementor-element elementor-element-54867135 elementor-widget elementor-widget-text-editor\" data-id=\"54867135\" data-element_type=\"widget\" data-widget_type=\"text-editor.default\">\n\t\t\t\t<div class=\"elementor-widget-container\">\n\t\t\t<style>\/*! elementor - v3.13.2 - 11-05-2023 *\/\n.elementor-widget-text-editor.elementor-drop-cap-view-stacked .elementor-drop-cap{background-color:#69727d;color:#fff}.elementor-widget-text-editor.elementor-drop-cap-view-framed .elementor-drop-cap{color:#69727d;border:3px solid;background-color:transparent}.elementor-widget-text-editor:not(.elementor-drop-cap-view-default) .elementor-drop-cap{margin-top:8px}.elementor-widget-text-editor:not(.elementor-drop-cap-view-default) .elementor-drop-cap-letter{width:1em;height:1em}.elementor-widget-text-editor .elementor-drop-cap{float:left;text-align:center;line-height:1;font-size:50px}.elementor-widget-text-editor .elementor-drop-cap-letter{display:inline-block}<\/style>\t\t\t\t<p>Esta es la Historia de un Pueblo que se repone a la tragedia.<\/p>\t\t\t\t\t\t<\/div>\n\t\t\t\t<\/div>\n\t\t\t\t\t<\/div>\n\t\t<\/div>\n\t\t\t\t\t\t\t<\/div>\n\t\t<\/section>\n\t\t\t\t<section class=\"elementor-section elementor-top-section elementor-element elementor-element-32e567a0 elementor-section-boxed elementor-section-height-default elementor-section-height-default\" data-id=\"32e567a0\" data-element_type=\"section\">\n\t\t\t\t\t\t<div class=\"elementor-container elementor-column-gap-default\">\n\t\t\t\t\t<div class=\"elementor-column elementor-col-100 elementor-top-column elementor-element elementor-element-761af538\" data-id=\"761af538\" data-element_type=\"column\">\n\t\t\t<div class=\"elementor-widget-wrap elementor-element-populated\">\n\t\t\t\t\t\t\t\t<div class=\"elementor-element elementor-element-35fbf67d elementor-widget elementor-widget-heading\" data-id=\"35fbf67d\" data-element_type=\"widget\" data-widget_type=\"heading.default\">\n\t\t\t\t<div class=\"elementor-widget-container\">\n\t\t\t<h3 class=\"elementor-heading-title elementor-size-default\">Esta es la Historia de Gramalote<\/h3>\t\t<\/div>\n\t\t\t\t<\/div>\n\t\t\t\t<div class=\"elementor-element elementor-element-21bb08da elementor-widget elementor-widget-text-editor\" data-id=\"21bb08da\" data-element_type=\"widget\" data-widget_type=\"text-editor.default\">\n\t\t\t\t<div class=\"elementor-widget-container\">\n\t\t\t\t\t\t\t<p style=\"text-align: left;\"><span style=\"font-weight: 400;\">Uno de los hechos naturales que marc\u00f3 la historia de Gramalote fue el deslizamiento del cerro La Cruz sobre el casco urbano del municipio. La historia comenz\u00f3 el 17 de diciembre de 2010 cuando la gente sali\u00f3 rumbo al parque en busca de ayuda frente al tenebroso rugir del cerro. los gramaloteros\u00a0desalojaron sus viviendas, el casco urbano se estaba derrumbando. A 8 d\u00edas de la navidad, los 6.233 habitantes que ten\u00eda el municipio vivieron uno de los sustos m\u00e1s grandes de sus vidas, por una falla geol\u00f3gica que destruy\u00f3 todo.\u00a0<\/span><\/p>\t\t\t\t\t\t<\/div>\n\t\t\t\t<\/div>\n\t\t\t\t<div class=\"elementor-element elementor-element-fe3f169 elementor-widget elementor-widget-text-editor\" data-id=\"fe3f169\" data-element_type=\"widget\" data-widget_type=\"text-editor.default\">\n\t\t\t\t<div class=\"elementor-widget-container\">\n\t\t\t\t\t\t\t<p style=\"text-align: left;\"><span style=\"font-weight: 400;\">A partir del hecho ocurrido en\u00a02010,\u00a0se empieza a reconstruir lo que ser\u00eda el\u00a0Nuevo Gramalote\u00a0que en pocos meses hab\u00eda quedado en ruinas. El 20 de diciembre de 2016, el entonces presidente Juan Manuel Santos entreg\u00f3 las primeras 189 viviendas del\u00a0Nuevo Gramalote,\u00a0la plaza de mercado y el parque principal del casco urbano.<\/span><\/p>\t\t\t\t\t\t<\/div>\n\t\t\t\t<\/div>\n\t\t\t\t<div class=\"elementor-element elementor-element-a0b3254 elementor-widget elementor-widget-text-editor\" data-id=\"a0b3254\" data-element_type=\"widget\" data-widget_type=\"text-editor.default\">\n\t\t\t\t<div class=\"elementor-widget-container\">\n\t\t\t\t\t\t\t<p style=\"text-align: left;\"><span style=\"font-weight: 400;\">El nuevo Gramalote, ubicado en el terreno conocido como Miraflores, a unos 8 kil\u00f3metros del antiguo pueblo, cuenta con zonas verdes, senderos y \u00e1reas para la recreaci\u00f3n y el esparcimiento. <\/span><i><span style=\"font-weight: 400;\">\u201cLa idea es que haya una propuesta generosa en espacio p\u00fablico<\/span><\/i><span style=\"font-weight: 400;\">\u201d, afirma Enrique Maruri, coordinador del proceso de reasentamiento de Gramalote. Con ese prop\u00f3sito, ser\u00e1n adquiridas 100 hect\u00e1reas, casi el triple del \u00e1rea en la que estaba.<\/span><\/p><p style=\"text-align: left;\"><span style=\"font-weight: 400;\">Del total del terreno requerido, ya fueron compradas 28 hect\u00e1reas por el Fondo Adaptaci\u00f3n, programa creado por el gobierno del presidente Juan Manuel Santos para preparar el pa\u00eds para enfrentar los efectos del cambio clim\u00e1tico.<\/span><\/p>\t\t\t\t\t\t<\/div>\n\t\t\t\t<\/div>\n\t\t\t\t\t<\/div>\n\t\t<\/div>\n\t\t\t\t\t\t\t<\/div>\n\t\t<\/section>\n\t\t\t\t<section class=\"elementor-section elementor-top-section elementor-element elementor-element-223f6980 elementor-section-boxed elementor-section-height-default elementor-section-height-default\" data-id=\"223f6980\" data-element_type=\"section\">\n\t\t\t\t\t\t<div class=\"elementor-container elementor-column-gap-default\">\n\t\t\t\t\t<div class=\"elementor-column elementor-col-100 elementor-top-column elementor-element elementor-element-40d1eda2\" data-id=\"40d1eda2\" data-element_type=\"column\">\n\t\t\t<div class=\"elementor-widget-wrap elementor-element-populated\">\n\t\t\t\t\t\t\t\t<div class=\"elementor-element elementor-element-25d3ac5b elementor-widget elementor-widget-text-editor\" data-id=\"25d3ac5b\" data-element_type=\"widget\" data-widget_type=\"text-editor.default\">\n\t\t\t\t<div class=\"elementor-widget-container\">\n\t\t\t\t\t\t\t<p><i><span style=\"font-weight: 400;\">\u201cSe contrataron los dise\u00f1os urban\u00edsticos, se est\u00e1n comprando los terrenos y se adelanta la contrataci\u00f3n de v\u00edas. Todas las acciones est\u00e1n orientadas a materializar la reconstrucci\u00f3n y la esperanza de los gramaloteros\u201d,<\/span><\/i><span style=\"font-weight: 400;\"> asegura Carmen Ar\u00e9valo, gerente del Fondo Adaptaci\u00f3n y quien insiste en que \u201c<\/span><i><span style=\"font-weight: 400;\">habr\u00e1 pueblo\u201d.<\/span><\/i><\/p>\t\t\t\t\t\t<\/div>\n\t\t\t\t<\/div>\n\t\t\t\t<div class=\"elementor-element elementor-element-545326c elementor-widget elementor-widget-text-editor\" data-id=\"545326c\" data-element_type=\"widget\" data-widget_type=\"text-editor.default\">\n\t\t\t\t<div class=\"elementor-widget-container\">\n\t\t\t\t\t\t\t<p><span style=\"font-weight: 400;\">La construcci\u00f3n del nuevo Gramalote est\u00e1 programada para el 2014 y su costo se estima en 166.700 millones de pesos. Contar\u00e1 con v\u00edas internas, obras de urbanismo y equipamientos, como el colegio y el centro de salud. Adicionalmente a ello, la alcald\u00eda plante\u00f3 que cuente tambi\u00e9n con centros de atenci\u00f3n al adulto mayor y de ni\u00f1os.<\/span><\/p>\t\t\t\t\t\t<\/div>\n\t\t\t\t<\/div>\n\t\t\t\t<div class=\"elementor-element elementor-element-dfc3898 elementor-widget elementor-widget-text-editor\" data-id=\"dfc3898\" data-element_type=\"widget\" data-widget_type=\"text-editor.default\">\n\t\t\t\t<div class=\"elementor-widget-container\">\n\t\t\t\t\t\t\t<p><i><span style=\"font-weight: 400;\">\u201cUna condici\u00f3n es mantener los barrios y que los vecinos sean los mismos\u201d<\/span><\/i><span style=\"font-weight: 400;\">, explica la alcaldesa Sonia Rodr\u00edguez, quien dice que esto es con el fin de restablecer las relaciones y el tejido social que exist\u00edan en el antiguo municipio y se perdieron con la evacuaci\u00f3n.<\/span><\/p>\t\t\t\t\t\t<\/div>\n\t\t\t\t<\/div>\n\t\t\t\t<div class=\"elementor-element elementor-element-3f5f3f2 elementor-widget elementor-widget-text-editor\" data-id=\"3f5f3f2\" data-element_type=\"widget\" data-widget_type=\"text-editor.default\">\n\t\t\t\t<div class=\"elementor-widget-container\">\n\t\t\t\t\t\t\t<p><span style=\"font-weight: 400;\">El estudio socioecon\u00f3mico estableci\u00f3 que existen 15 barrios en Gramalote, 450 propietarios o poseedores y 524 arrendatarios. Sin embargo, a\u00fan se desconoce cu\u00e1ntos de ellos participar\u00e1n en el retorno, programado para el 2015. Pero, el proceso de reasentamiento no para ah\u00ed. Tambi\u00e9n busca reactivar lo m\u00e1s pronto posible la econom\u00eda del pueblo.<\/span><\/p>\t\t\t\t\t\t<\/div>\n\t\t\t\t<\/div>\n\t\t\t\t<div class=\"elementor-element elementor-element-16ec5bc elementor-widget elementor-widget-text-editor\" data-id=\"16ec5bc\" data-element_type=\"widget\" data-widget_type=\"text-editor.default\">\n\t\t\t\t<div class=\"elementor-widget-container\">\n\t\t\t\t\t\t\t<p><span style=\"font-weight: 400;\">Para ello, seg\u00fan Maruri, el Fondo Adaptaci\u00f3n, Colombia Humanitaria y la Universidad de Pamplona ya echaron a andar programas de empleo y de apoyo a peque\u00f1os emprendimientos, es decir, a proyectos agr\u00edcolas, forestales, l\u00e1cteos, de producci\u00f3n de alimentos, restaurantes, cafeter\u00edas y panader\u00edas, entre otros.<\/span><\/p>\t\t\t\t\t\t<\/div>\n\t\t\t\t<\/div>\n\t\t\t\t<div class=\"elementor-element elementor-element-45250cb elementor-widget elementor-widget-text-editor\" data-id=\"45250cb\" data-element_type=\"widget\" data-widget_type=\"text-editor.default\">\n\t\t\t\t<div class=\"elementor-widget-container\">\n\t\t\t\t\t\t\t<p><span style=\"font-weight: 400;\">En el antiguo Gramalote fueron identificados 90 peque\u00f1os negocios y la idea, de acuerdo con Maruri, es que muchos de estos y de los nuevos que surjan puedan contar con financiaci\u00f3n y acompa\u00f1amiento.<\/span><\/p>\t\t\t\t\t\t<\/div>\n\t\t\t\t<\/div>\n\t\t\t\t<div class=\"elementor-element elementor-element-9918790 elementor-widget elementor-widget-text-editor\" data-id=\"9918790\" data-element_type=\"widget\" data-widget_type=\"text-editor.default\">\n\t\t\t\t<div class=\"elementor-widget-container\">\n\t\t\t\t\t\t\t<p><span style=\"font-weight: 400;\">Por fortuna no hubo p\u00e9rdidas humanas. Los primeros en salir fueron los habitantes de los barrios Santa Anita, Nueva Granada, Casa Verde, San Juan y Santa Rosa. El 19 de diciembre ya la mayor\u00eda de los habitantes hab\u00edan abandonado Gramalote, llevando consigo lo que pudieron salvar.<\/span><\/p>\t\t\t\t\t\t<\/div>\n\t\t\t\t<\/div>\n\t\t\t\t<div class=\"elementor-element elementor-element-9e77867 elementor-widget elementor-widget-video\" data-id=\"9e77867\" data-element_type=\"widget\" data-settings=\"{&quot;youtube_url&quot;:&quot;https:\\\/\\\/youtu.be\\\/WYLZ1MYhykg&quot;,&quot;video_type&quot;:&quot;youtube&quot;,&quot;controls&quot;:&quot;yes&quot;}\" data-widget_type=\"video.default\">\n\t\t\t\t<div class=\"elementor-widget-container\">\n\t\t\t<style>\/*! elementor - v3.13.2 - 11-05-2023 *\/\n.elementor-widget-video .elementor-widget-container{overflow:hidden;transform:translateZ(0)}.elementor-widget-video .elementor-wrapper{aspect-ratio:var(--video-aspect-ratio)}.elementor-widget-video .elementor-wrapper iframe,.elementor-widget-video .elementor-wrapper video{height:100%;width:100%;display:flex;border:none;background-color:#000}@supports not (aspect-ratio:1\/1){.elementor-widget-video .elementor-wrapper{position:relative;overflow:hidden;height:0;padding-bottom:calc(100% \/ var(--video-aspect-ratio))}.elementor-widget-video .elementor-wrapper iframe,.elementor-widget-video .elementor-wrapper video{position:absolute;top:0;right:0;bottom:0;left:0}}.elementor-widget-video .elementor-open-inline .elementor-custom-embed-image-overlay{position:absolute;top:0;left:0;width:100%;height:100%;background-size:cover;background-position:50%}.elementor-widget-video .elementor-custom-embed-image-overlay{cursor:pointer;text-align:center}.elementor-widget-video .elementor-custom-embed-image-overlay:hover .elementor-custom-embed-play i{opacity:1}.elementor-widget-video .elementor-custom-embed-image-overlay img{display:block;width:100%}.elementor-widget-video .e-hosted-video .elementor-video{-o-object-fit:cover;object-fit:cover}.e-con-inner>.elementor-widget-video,.e-con>.elementor-widget-video{width:var(--container-widget-width);--flex-grow:var(--container-widget-flex-grow)}<\/style>\t\t<div class=\"elementor-wrapper elementor-open-inline\">\n\t\t\t<div class=\"elementor-video\"><\/div>\t\t<\/div>\n\t\t\t\t<\/div>\n\t\t\t\t<\/div>\n\t\t\t\t\t<\/div>\n\t\t<\/div>\n\t\t\t\t\t\t\t<\/div>\n\t\t<\/section>\n\t\t\t\t\t\t\t<\/div>\n\t\t","protected":false},"excerpt":{"rendered":"<p>Historia de Gramalote Esta es la Historia de un Pueblo que se repone a la tragedia. Esta es la Historia de Gramalote Uno de los hechos naturales que marc\u00f3 la historia de Gramalote fue el deslizamiento del cerro La Cruz sobre el casco urbano del municipio. La historia comenz\u00f3 el 17 de diciembre de 2010 [&hellip;]<\/p>\n","protected":false},"author":1,"featured_media":0,"comment_status":"closed","ping_status":"closed","sticky":false,"template":"","format":"standard","meta":{"footnotes":""},"categories":[11],"tags":[],"class_list":["post-541","post","type-post","status-publish","format-standard","hentry","category-regresamos-a-gramalote"],"_links":{"self":[{"href":"https:\/\/www.fondoadaptacion.gov.co\/gramaloteunarealidad\/wp-json\/wp\/v2\/posts\/541","targetHints":{"allow":["GET"]}}],"collection":[{"href":"https:\/\/www.fondoadaptacion.gov.co\/gramaloteunarealidad\/wp-json\/wp\/v2\/posts"}],"about":[{"href":"https:\/\/www.fondoadaptacion.gov.co\/gramaloteunarealidad\/wp-json\/wp\/v2\/types\/post"}],"author":[{"embeddable":true,"href":"https:\/\/www.fondoadaptacion.gov.co\/gramaloteunarealidad\/wp-json\/wp\/v2\/users\/1"}],"replies":[{"embeddable":true,"href":"https:\/\/www.fondoadaptacion.gov.co\/gramaloteunarealidad\/wp-json\/wp\/v2\/comments?post=541"}],"version-history":[{"count":32,"href":"https:\/\/www.fondoadaptacion.gov.co\/gramaloteunarealidad\/wp-json\/wp\/v2\/posts\/541\/revisions"}],"predecessor-version":[{"id":5017,"href":"https:\/\/www.fondoadaptacion.gov.co\/gramaloteunarealidad\/wp-json\/wp\/v2\/posts\/541\/revisions\/5017"}],"wp:attachment":[{"href":"https:\/\/www.fondoadaptacion.gov.co\/gramaloteunarealidad\/wp-json\/wp\/v2\/media?parent=541"}],"wp:term":[{"taxonomy":"category","embeddable":true,"href":"https:\/\/www.fondoadaptacion.gov.co\/gramaloteunarealidad\/wp-json\/wp\/v2\/categories?post=541"},{"taxonomy":"post_tag","embeddable":true,"href":"https:\/\/www.fondoadaptacion.gov.co\/gramaloteunarealidad\/wp-json\/wp\/v2\/tags?post=541"}],"curies":[{"name":"wp","href":"https:\/\/api.w.org\/{rel}","templated":true}]}}